{"id":2840,"date":"2026-04-01T20:36:53","date_gmt":"2026-04-01T20:36:53","guid":{"rendered":"https:\/\/lochrobry.pl\/?p=2840"},"modified":"2026-04-01T21:29:57","modified_gmt":"2026-04-01T21:29:57","slug":"wystawa-ipn-postawy-polakow-podczas-okupacji-niemieckiej","status":"publish","type":"post","link":"https:\/\/lochrobry.pl\/?p=2840","title":{"rendered":"Wystawa IPN \u2013 Postawy Polak\u00f3w podczas okupacji niemieckiej"},"content":{"rendered":"<p style=\"text-align: justify;\" data-start=\"119\" data-end=\"379\"><span style=\"color: #000000;\">W murach naszej szko\u0142y, w holu g\u0142\u00f3wnego budynku, mo\u017cna obejrze\u0107 poruszaj\u0105c\u0105 i sk\u0142aniaj\u0105c\u0105 do refleksji wystaw\u0119, kt\u00f3rej motywem przewodnim jest cierpienie Polak\u00f3w podczas niemieckiej okupacji oraz postawy naszych rodak\u00f3w w czasach terroru, piec\u00f3w i krematori\u00f3w.<\/span><\/p>\n<p style=\"text-align: justify;\" data-start=\"381\" data-end=\"772\"><span style=\"color: #000000;\">Wystawa zosta\u0142a po\u015bwi\u0119cona rodzinie Ulm\u00f3w ze wsi Markowa na Podkarpaciu. 24 marca 1944 roku niemieccy \u017candarmi odkryli, \u017ce Ulmowie ukrywali w swoim domu o\u015bmioro \u017byd\u00f3w. Na miejscu rozstrzelano najpierw ukrywaj\u0105cych si\u0119 \u017byd\u00f3w, a nast\u0119pnie J\u00f3zefa i Wiktori\u0119 Ulm\u00f3w (b\u0119d\u0105c\u0105 w zaawansowanej ci\u0105\u017cy) oraz ich sze\u015bcioro ma\u0142ych dzieci. Zgin\u0119li wszyscy \u2013 rodzice, dzieci i nienarodzone jeszcze dziecko.<\/span><\/p>\n<p style=\"text-align: justify;\" data-start=\"774\" data-end=\"1084\"><span style=\"color: #000000;\">Tragiczna historia Ulm\u00f3w pokazuje, \u017ce cz\u0142owiek nawet w sytuacji skrajnego zagro\u017cenia potrafi ocali\u0107 w\u0142asne cz\u0142owiecze\u0144stwo. Ma\u0142\u017ce\u0144stwo Ulm\u00f3w zdawa\u0142o sobie spraw\u0119, \u017ce za udzielenie pomocy \u017bydom grozi\u0142a kara \u015bmierci \u2013 kara, kt\u00f3ra dotyka\u0142a ca\u0142e rodziny, a nieraz by\u0142a wykonywana publicznie, aby zastraszy\u0107 innych.<\/span><\/p>\n<p style=\"text-align: justify;\" data-start=\"1086\" data-end=\"1231\" data-is-last-node=\"\" data-is-only-node=\"\"><span style=\"color: #000000;\">Wystawa to wa\u017cna lekcja historii, ale tak\u017ce lekcja odwagi, solidarno\u015bci i cz\u0142owiecze\u0144stwa.<\/span><\/p>\n<p style=\"text-align: justify;\" data-start=\"1086\" data-end=\"1231\" data-is-last-node=\"\" data-is-only-node=\"\"><span style=\"color: #000000;\">Serdecznie zach\u0119camy do zapoznania si\u0119 z ekspozycj\u0105.<\/span><\/p>\n<p data-start=\"1086\" data-end=\"1231\" data-is-last-node=\"\" data-is-only-node=\"\"><iframe src=\"\/\/www.youtube.com\/embed\/F0Uwwo1Vg30\" width=\"1141\" height=\"640\" allowfullscreen=\"allowfullscreen\"><\/iframe><\/p>\n<p data-start=\"1086\" data-end=\"1231\" data-is-last-node=\"\" data-is-only-node=\"\"><em>Materia\u0142 filmowy oprac. przez Szymona Architekta oraz Zuzann\u0119 Grzegorzewsk\u0105 z klasy IIIc.&nbsp;<\/em><\/p>\n","protected":false},"excerpt":{"rendered":"<p>W murach naszej szko\u0142y, w holu g\u0142\u00f3wnego budynku, mo\u017cna obejrze\u0107 poruszaj\u0105c\u0105 i sk\u0142aniaj\u0105c\u0105 do refleksji wystaw\u0119, kt\u00f3rej motywem przewodnim jest cierpienie Polak\u00f3w podczas niemieckiej okupacji oraz postawy naszych rodak\u00f3w w czasach terroru, piec\u00f3w i krematori\u00f3w. Wystawa zosta\u0142a po\u015bwi\u0119cona rodzinie Ulm\u00f3w ze wsi Markowa na Podkarpaciu. 24 marca 1944 roku niemieccy [&hellip;]<\/p>\n","protected":false},"author":1,"featured_media":2842,"comment_status":"open","ping_status":"open","sticky":false,"template":"","format":"standard","meta":{"ngg_post_thumbnail":0,"footnotes":""},"categories":[1],"tags":[],"class_list":["post-2840","post","type-post","status-publish","format-standard","has-post-thumbnail","hentry","category-uncategorized"],"_links":{"self":[{"href":"https:\/\/lochrobry.pl\/index.php?rest_route=\/wp\/v2\/posts\/2840","targetHints":{"allow":["GET"]}}],"collection":[{"href":"https:\/\/lochrobry.pl\/index.php?rest_route=\/wp\/v2\/posts"}],"about":[{"href":"https:\/\/lochrobry.pl\/index.php?rest_route=\/wp\/v2\/types\/post"}],"author":[{"embeddable":true,"href":"https:\/\/lochrobry.pl\/index.php?rest_route=\/wp\/v2\/users\/1"}],"replies":[{"embeddable":true,"href":"https:\/\/lochrobry.pl\/index.php?rest_route=%2Fwp%2Fv2%2Fcomments&post=2840"}],"version-history":[{"count":2,"href":"https:\/\/lochrobry.pl\/index.php?rest_route=\/wp\/v2\/posts\/2840\/revisions"}],"predecessor-version":[{"id":2852,"href":"https:\/\/lochrobry.pl\/index.php?rest_route=\/wp\/v2\/posts\/2840\/revisions\/2852"}],"wp:featuredmedia":[{"embeddable":true,"href":"https:\/\/lochrobry.pl\/index.php?rest_route=\/wp\/v2\/media\/2842"}],"wp:attachment":[{"href":"https:\/\/lochrobry.pl\/index.php?rest_route=%2Fwp%2Fv2%2Fmedia&parent=2840"}],"wp:term":[{"taxonomy":"category","embeddable":true,"href":"https:\/\/lochrobry.pl\/index.php?rest_route=%2Fwp%2Fv2%2Fcategories&post=2840"},{"taxonomy":"post_tag","embeddable":true,"href":"https:\/\/lochrobry.pl\/index.php?rest_route=%2Fwp%2Fv2%2Ftags&post=2840"}],"curies":[{"name":"wp","href":"https:\/\/api.w.org\/{rel}","templated":true}]}}