{"id":2598,"date":"2026-03-28T15:17:50","date_gmt":"2026-03-28T15:17:50","guid":{"rendered":"https:\/\/lochrobry.pl\/?p=2598"},"modified":"2026-03-30T15:30:26","modified_gmt":"2026-03-30T15:30:26","slug":"konferencja-w-chrobry-o-edukacji-ktora-wyprzedza-jutro","status":"publish","type":"post","link":"https:\/\/lochrobry.pl\/?p=2598","title":{"rendered":"Konferencja w \u201eChrobrym\u201d \u2013 o edukacji, kt\u00f3ra wyprzedza jutro"},"content":{"rendered":"<section class=\"text-token-text-primary w-full focus:outline-none [--shadow-height:45px] has-data-writing-block:pointer-events-none has-data-writing-block:-mt-(--shadow-height) has-data-writing-block:pt-(--shadow-height) [&amp;:has([data-writing-block])&gt;*]:pointer-events-auto scroll-mt-[calc(var(--header-height)+min(200px,max(70px,20svh)))]\" dir=\"auto\" data-turn-id=\"request-WEB:f340dbe0-509f-4034-8e8b-b14be956e76c-1\" data-testid=\"conversation-turn-4\" data-scroll-anchor=\"false\" data-turn=\"assistant\">\n<div class=\"text-base my-auto mx-auto [--thread-content-margin:var(--thread-content-margin-xs,calc(var(--spacing)*4))] @w-sm\/main:[--thread-content-margin:var(--thread-content-margin-sm,calc(var(--spacing)*6))] @w-lg\/main:[--thread-content-margin:var(--thread-content-margin-lg,calc(var(--spacing)*16))] px-(--thread-content-margin)\">\n<div class=\"[--thread-content-max-width:40rem] @w-lg\/main:[--thread-content-max-width:48rem] mx-auto max-w-(--thread-content-max-width) flex-1 group\/turn-messages focus-visible:outline-hidden relative flex w-full min-w-0 flex-col agent-turn\">\n<div class=\"flex max-w-full flex-col gap-4 grow\">\n<div class=\"min-h-8 text-message relative flex w-full flex-col items-end gap-2 text-start break-words whitespace-normal outline-none keyboard-focused:focus-ring [.text-message+&amp;]:mt-1\" dir=\"auto\" data-message-author-role=\"assistant\" data-message-id=\"8cd2a8b3-9543-48c9-800a-ab24a3382807\" data-message-model-slug=\"gpt-5-3\">\n<div class=\"flex w-full flex-col gap-1 empty:hidden\">\n<div class=\"markdown prose dark:prose-invert w-full wrap-break-word light markdown-new-styling\">\n<p style=\"text-align: justify;\"><strong>31 marca 2026 roku w Liceum Og\u00f3lnokszta\u0142c\u0105cym z Oddzia\u0142ami Dwuj\u0119zycznymi im. Boles\u0142awa Chrobrego w Gryficach odb\u0119dzie si\u0119 wyj\u0105tkowe wydarzenie po\u015bwi\u0119cone nowoczesnej edukacji i kompetencjom przysz\u0142o\u015bci. Konferencja, trwaj\u0105ca ponad sze\u015b\u0107 godzin, zgromadzi uczni\u00f3w, nauczycieli, ekspert\u00f3w oraz wszystkich zainteresowanych rozwojem wsp\u00f3\u0142czesnej szko\u0142y.<\/strong><\/p>\n<p><img fetchpriority=\"high\" decoding=\"async\" class=\"wp-image-2600 alignleft\" src=\"https:\/\/lochrobry.pl\/wp-content\/uploads\/2026\/03\/654296422_1522837756388897_8286139348965037385_n.jpg\" alt=\"\" width=\"349\" height=\"233\" srcset=\"https:\/\/lochrobry.pl\/wp-content\/uploads\/2026\/03\/654296422_1522837756388897_8286139348965037385_n.jpg 1536w, https:\/\/lochrobry.pl\/wp-content\/uploads\/2026\/03\/654296422_1522837756388897_8286139348965037385_n-300x200.jpg 300w, https:\/\/lochrobry.pl\/wp-content\/uploads\/2026\/03\/654296422_1522837756388897_8286139348965037385_n-1024x683.jpg 1024w, https:\/\/lochrobry.pl\/wp-content\/uploads\/2026\/03\/654296422_1522837756388897_8286139348965037385_n-768x512.jpg 768w\" sizes=\"(max-width: 349px) 100vw, 349px\" \/><\/p>\n<p><strong>Szko\u0142a przysz\u0142o\u015bci<\/strong><\/p>\n<p style=\"text-align: justify;\">Uroczyste otwarcie odb\u0119dzie si\u0119 w Gryfickim Domu Kultury, gdzie uczestnicy zostan\u0105 powitani i wprowadzeni w tematyk\u0119 spotkania. Wyk\u0142ad inauguracyjny wyg\u0142osi dr hab. Maksymilian Chutora\u0144ski, prof. Uniwersytetu Szczeci\u0144skiego, kt\u00f3ry w wyst\u0105pieniu pt. \u201eSzko\u0142a przysz\u0142o\u015bci \u2013 kompetencje, kt\u00f3rych nie znajdziemy w podr\u0119cznikach\u201d zwr\u00f3ci uwag\u0119 na rol\u0119 wsp\u00f3\u0142czesnej szko\u0142y w zakresie budowania i rozwijania r\u00f3\u017cnych kompetencji.<\/p>\n<p style=\"text-align: justify;\">Kolejnym wa\u017cnym punktem programu b\u0119dzie panel dyskusyjny, podczas kt\u00f3rego uczestnicy wsp\u00f3lnie zastanowi\u0105 si\u0119 nad rol\u0105 szko\u0142y w kszta\u0142towaniu kompetencji przysz\u0142o\u015bci oraz nad perspektyw\u0105 ucznia w nowoczesnym procesie nauczania. B\u0119dzie to przestrze\u0144 do wymiany do\u015bwiadcze\u0144 i opinii oraz dialogu mi\u0119dzy wszystkimi uczestnikami \u017cycia szkolnego.<\/p>\n<p style=\"text-align: justify;\"><img decoding=\"async\" class=\"wp-image-2603 alignleft\" src=\"https:\/\/lochrobry.pl\/wp-content\/uploads\/2026\/03\/Konferencja-plakat.png\" alt=\"\" width=\"348\" height=\"492\" srcset=\"https:\/\/lochrobry.pl\/wp-content\/uploads\/2026\/03\/Konferencja-plakat.png 1414w, https:\/\/lochrobry.pl\/wp-content\/uploads\/2026\/03\/Konferencja-plakat-212x300.png 212w, https:\/\/lochrobry.pl\/wp-content\/uploads\/2026\/03\/Konferencja-plakat-724x1024.png 724w, https:\/\/lochrobry.pl\/wp-content\/uploads\/2026\/03\/Konferencja-plakat-768x1086.png 768w, https:\/\/lochrobry.pl\/wp-content\/uploads\/2026\/03\/Konferencja-plakat-1086x1536.png 1086w\" sizes=\"(max-width: 348px) 100vw, 348px\" \/><strong>Od obrony cywilnej po kompetencje krytycznego my\u015blenia i umiej\u0119tno\u015bci wsp\u00f3\u0142pracy<\/strong><\/p>\n<p style=\"text-align: justify;\">Szczeg\u00f3lnie ciekawie zapowiadaj\u0105 si\u0119 zaj\u0119cia i warsztaty w \u201eChrobrym\u201d, kt\u00f3re zostan\u0105 przeprowadzone przez szkolne grupy projektowe dzia\u0142aj\u0105ce w ramach Olimpiady \u201eZwolnieni z Teorii\u201d oraz zaproszonych specjalist\u00f3w. Uczestnicy wezm\u0105 udzia\u0142 w zaj\u0119ciach takich jak \u201eFormu\u0142a lidera\u201d, rozwijaj\u0105cych umiej\u0119tno\u015bci przyw\u00f3dcze i spo\u0142eczne, \u201eKliknij prawd\u0119\u201d, po\u015bwi\u0119conych wp\u0142ywowi medi\u00f3w spo\u0142eczno\u015bciowych i zjawisku fake news\u00f3w, oraz \u201eM\u0142odzi bez paniki\u201d, przybli\u017caj\u0105cych zasady obrony cywilnej i radzenia sobie w sytuacjach kryzysowych.<\/p>\n<p style=\"text-align: justify;\">Nie zabraknie r\u00f3wnie\u017c aktywno\u015bci w terenie. Gra miejska \u201eSurvival\u201d, zorganizowana w przestrzeni Gryfic, w parku miejskim oraz na strzelnicy, pozwoli uczestnikom sprawdzi\u0107 swoje umiej\u0119tno\u015bci wsp\u00f3\u0142pracy, orientacji w terenie i szybkiego podejmowania decyzji.<\/p>\n<p style=\"text-align: justify;\">Wydarzenie b\u0119dzie odbywa\u0107 si\u0119 w kilku lokalizacjach: w Gryfickim Domu Kultury, w szkole oraz w przestrzeni miejskiej Gryfic, co dodatkowo podkre\u015bli jego otwarty i dynamiczny charakter.<\/p>\n<p style=\"text-align: justify;\">&nbsp;<\/p>\n<\/div>\n<\/div>\n<\/div>\n<\/div>\n<\/div>\n<\/div>\n<\/section>\n","protected":false},"excerpt":{"rendered":"<p>31 marca 2026 roku w Liceum Og\u00f3lnokszta\u0142c\u0105cym z Oddzia\u0142ami Dwuj\u0119zycznymi im. Boles\u0142awa Chrobrego w Gryficach odb\u0119dzie si\u0119 wyj\u0105tkowe wydarzenie po\u015bwi\u0119cone nowoczesnej edukacji i kompetencjom przysz\u0142o\u015bci. Konferencja, trwaj\u0105ca ponad sze\u015b\u0107 godzin, zgromadzi uczni\u00f3w, nauczycieli, ekspert\u00f3w oraz wszystkich zainteresowanych rozwojem wsp\u00f3\u0142czesnej szko\u0142y. Szko\u0142a przysz\u0142o\u015bci Uroczyste otwarcie odb\u0119dzie si\u0119 w Gryfickim Domu Kultury, [&hellip;]<\/p>\n","protected":false},"author":1,"featured_media":2599,"comment_status":"open","ping_status":"open","sticky":false,"template":"","format":"standard","meta":{"ngg_post_thumbnail":0,"footnotes":""},"categories":[1],"tags":[],"class_list":["post-2598","post","type-post","status-publish","format-standard","has-post-thumbnail","hentry","category-uncategorized"],"_links":{"self":[{"href":"https:\/\/lochrobry.pl\/index.php?rest_route=\/wp\/v2\/posts\/2598","targetHints":{"allow":["GET"]}}],"collection":[{"href":"https:\/\/lochrobry.pl\/index.php?rest_route=\/wp\/v2\/posts"}],"about":[{"href":"https:\/\/lochrobry.pl\/index.php?rest_route=\/wp\/v2\/types\/post"}],"author":[{"embeddable":true,"href":"https:\/\/lochrobry.pl\/index.php?rest_route=\/wp\/v2\/users\/1"}],"replies":[{"embeddable":true,"href":"https:\/\/lochrobry.pl\/index.php?rest_route=%2Fwp%2Fv2%2Fcomments&post=2598"}],"version-history":[{"count":6,"href":"https:\/\/lochrobry.pl\/index.php?rest_route=\/wp\/v2\/posts\/2598\/revisions"}],"predecessor-version":[{"id":2783,"href":"https:\/\/lochrobry.pl\/index.php?rest_route=\/wp\/v2\/posts\/2598\/revisions\/2783"}],"wp:featuredmedia":[{"embeddable":true,"href":"https:\/\/lochrobry.pl\/index.php?rest_route=\/wp\/v2\/media\/2599"}],"wp:attachment":[{"href":"https:\/\/lochrobry.pl\/index.php?rest_route=%2Fwp%2Fv2%2Fmedia&parent=2598"}],"wp:term":[{"taxonomy":"category","embeddable":true,"href":"https:\/\/lochrobry.pl\/index.php?rest_route=%2Fwp%2Fv2%2Fcategories&post=2598"},{"taxonomy":"post_tag","embeddable":true,"href":"https:\/\/lochrobry.pl\/index.php?rest_route=%2Fwp%2Fv2%2Ftags&post=2598"}],"curies":[{"name":"wp","href":"https:\/\/api.w.org\/{rel}","templated":true}]}}