{"id":2592,"date":"2026-03-28T12:15:24","date_gmt":"2026-03-28T12:15:24","guid":{"rendered":"https:\/\/lochrobry.pl\/?p=2592"},"modified":"2026-03-28T12:16:52","modified_gmt":"2026-03-28T12:16:52","slug":"2592-2","status":"publish","type":"post","link":"https:\/\/lochrobry.pl\/?p=2592","title":{"rendered":"Fina\u0142 polsko-hiszpa\u0144skiego spotkania w \u201eChrobrym\u201d!"},"content":{"rendered":"<p style=\"text-align: justify;\" data-start=\"129\" data-end=\"455\"><strong>4 marca 2026 r. w Auli im. J\u00f3zefa Pa\u0144kowskiego odby\u0142a si\u0119 radosna uroczysto\u015b\u0107 \u2013 oficjalne zako\u0144czenie wymiany polsko-hiszpa\u0144skiej. <\/strong><strong>W spotkaniu uczestniczyli: Dyrektor szko\u0142y, Pani Jolanta Folwarska, nauczyciele, m\u0142odzie\u017c oraz rodzice, kt\u00f3rzy z ogromn\u0105 otwarto\u015bci\u0105 i staropolsk\u0105 go\u015bcinno\u015bci\u0105 przyj\u0119li go\u015bci z P\u00f3\u0142wyspu Iberyjskiego.<\/strong><\/p>\n<p style=\"text-align: justify;\" data-start=\"991\" data-end=\"1420\">Podczas spotkania m\u0142odzie\u017c podzi\u0119kowa\u0142a Pani Dyrektor oraz opiekunom za mo\u017cliwo\u015b\u0107 udzia\u0142u w wymianie, a nast\u0119pnie przedstawi\u0142a prezentacj\u0119 multimedialn\u0105 podsumowuj\u0105c\u0105 wsp\u00f3lnie sp\u0119dzony czas. G\u0142os zabrali tak\u017ce rodzice, kt\u00f3rzy w ciep\u0142ych s\u0142owach podzi\u0119kowali szkole za stworzenie m\u0142odzie\u017cy mo\u017cliwo\u015bci tak wszechstronnego rozwoju. Oczywi\u015bcie zwie\u0144czeniem spotkania by\u0142o wr\u0119czenie certyfikat\u00f3w potwierdzaj\u0105cych udzia\u0142 w programie.<\/p>\n<p data-start=\"991\" data-end=\"1420\"><img fetchpriority=\"high\" decoding=\"async\" class=\"alignnone size-full wp-image-2594\" src=\"https:\/\/lochrobry.pl\/wp-content\/uploads\/2026\/03\/648150919_1511538594185480_2562722636033201399_n.jpg\" alt=\"\" width=\"1152\" height=\"768\" srcset=\"https:\/\/lochrobry.pl\/wp-content\/uploads\/2026\/03\/648150919_1511538594185480_2562722636033201399_n.jpg 1152w, https:\/\/lochrobry.pl\/wp-content\/uploads\/2026\/03\/648150919_1511538594185480_2562722636033201399_n-300x200.jpg 300w, https:\/\/lochrobry.pl\/wp-content\/uploads\/2026\/03\/648150919_1511538594185480_2562722636033201399_n-1024x683.jpg 1024w, https:\/\/lochrobry.pl\/wp-content\/uploads\/2026\/03\/648150919_1511538594185480_2562722636033201399_n-768x512.jpg 768w\" sizes=\"(max-width: 1152px) 100vw, 1152px\" \/><\/p>\n<p style=\"text-align: justify;\" data-start=\"991\" data-end=\"1420\">Warto podkre\u015bli\u0107, \u017ce m\u0142odzie\u017c z Viana do Bolo sp\u0119dzi\u0142a tydzie\u0144 w naszej szkole. Podczas pobytu uczniowie brali udzia\u0142 nie tylko w zaj\u0119ciach lekcyjnych, ale tak\u017ce poznali najciekawsze zak\u0105tki regionu \u2013 uczestniczyli w wycieczkach do Gda\u0144ska, Gdyni, Sopotu oraz Ko\u0142obrzegu. Przede wszystkim by\u0142 to czas wymiany do\u015bwiadcze\u0144, rozwijania kompetencji spo\u0142ecznych i j\u0119zykowych oraz nawi\u0105zywania nowych znajomo\u015bci. Wizyta Hiszpan\u00f3w w \u201eChrobrym\u201d by\u0142a rewizyt\u0105, stanowi\u0105c\u0105 kontynuacj\u0119 mi\u0119dzynarodowej wsp\u00f3\u0142pracy i przyja\u017ani mi\u0119dzy szko\u0142ami.<\/p>\n<p style=\"text-align: justify;\" data-start=\"991\" data-end=\"1420\">Wierzymy, \u017ce podczas wymiany m\u0142odzie\u017c nawi\u0105za\u0142a znajomo\u015bci na d\u0142ugie lata.&nbsp;<\/p>\n<p style=\"text-align: justify;\" data-start=\"1623\" data-end=\"1705\" data-is-last-node=\"\" data-is-only-node=\"\">&nbsp;<\/p>\n","protected":false},"excerpt":{"rendered":"<p>4 marca 2026 r. w Auli im. J\u00f3zefa Pa\u0144kowskiego odby\u0142a si\u0119 radosna uroczysto\u015b\u0107 \u2013 oficjalne zako\u0144czenie wymiany polsko-hiszpa\u0144skiej. W spotkaniu uczestniczyli: Dyrektor szko\u0142y, Pani Jolanta Folwarska, nauczyciele, m\u0142odzie\u017c oraz rodzice, kt\u00f3rzy z ogromn\u0105 otwarto\u015bci\u0105 i staropolsk\u0105 go\u015bcinno\u015bci\u0105 przyj\u0119li go\u015bci z P\u00f3\u0142wyspu Iberyjskiego. Podczas spotkania m\u0142odzie\u017c podzi\u0119kowa\u0142a Pani Dyrektor oraz opiekunom [&hellip;]<\/p>\n","protected":false},"author":1,"featured_media":2593,"comment_status":"open","ping_status":"open","sticky":false,"template":"","format":"standard","meta":{"ngg_post_thumbnail":0,"footnotes":""},"categories":[1],"tags":[],"class_list":["post-2592","post","type-post","status-publish","format-standard","has-post-thumbnail","hentry","category-uncategorized"],"_links":{"self":[{"href":"https:\/\/lochrobry.pl\/index.php?rest_route=\/wp\/v2\/posts\/2592","targetHints":{"allow":["GET"]}}],"collection":[{"href":"https:\/\/lochrobry.pl\/index.php?rest_route=\/wp\/v2\/posts"}],"about":[{"href":"https:\/\/lochrobry.pl\/index.php?rest_route=\/wp\/v2\/types\/post"}],"author":[{"embeddable":true,"href":"https:\/\/lochrobry.pl\/index.php?rest_route=\/wp\/v2\/users\/1"}],"replies":[{"embeddable":true,"href":"https:\/\/lochrobry.pl\/index.php?rest_route=%2Fwp%2Fv2%2Fcomments&post=2592"}],"version-history":[{"count":3,"href":"https:\/\/lochrobry.pl\/index.php?rest_route=\/wp\/v2\/posts\/2592\/revisions"}],"predecessor-version":[{"id":2597,"href":"https:\/\/lochrobry.pl\/index.php?rest_route=\/wp\/v2\/posts\/2592\/revisions\/2597"}],"wp:featuredmedia":[{"embeddable":true,"href":"https:\/\/lochrobry.pl\/index.php?rest_route=\/wp\/v2\/media\/2593"}],"wp:attachment":[{"href":"https:\/\/lochrobry.pl\/index.php?rest_route=%2Fwp%2Fv2%2Fmedia&parent=2592"}],"wp:term":[{"taxonomy":"category","embeddable":true,"href":"https:\/\/lochrobry.pl\/index.php?rest_route=%2Fwp%2Fv2%2Fcategories&post=2592"},{"taxonomy":"post_tag","embeddable":true,"href":"https:\/\/lochrobry.pl\/index.php?rest_route=%2Fwp%2Fv2%2Ftags&post=2592"}],"curies":[{"name":"wp","href":"https:\/\/api.w.org\/{rel}","templated":true}]}}